


{"id":2530,"date":"2024-12-17T17:58:49","date_gmt":"2024-12-17T20:58:49","guid":{"rendered":"https:\/\/ranquelfm.com.ar\/v2\/?p=2530"},"modified":"2024-12-17T18:10:22","modified_gmt":"2024-12-17T21:10:22","slug":"rige-una-alerta-naranja-y-amarilla-por-tormentas-fuertes-para-cordoba-y-para-el-centro-del-pais","status":"publish","type":"post","link":"https:\/\/ranquelfm.com.ar\/v2\/2024\/12\/17\/rige-una-alerta-naranja-y-amarilla-por-tormentas-fuertes-para-cordoba-y-para-el-centro-del-pais\/","title":{"rendered":"Rige una alerta naranja y amarilla por tormentas fuertes para C\u00f3rdoba y para el centro del pa\u00eds"},"content":{"rendered":"\n<p class=\"has-medium-font-size\"><strong>El Servicio Meteorol\u00f3gico Nacional\u00a0(SMN) relanz\u00f3 un\u00a0alerta\u00a0por\u00a0tormentas fuertes\u00a0con posible ca\u00edda de granizo y r\u00e1fagas en varias provincias del pa\u00eds.<\/strong><\/p>\n\n\n\n<h2 class=\"wp-block-heading\"><strong>La advertencia del organismo rige este en zonas de La Pampa, C\u00f3rdoba, San Luis, La Rioja, Mendoza, Neuqu\u00e9n, R\u00edo Negro y Chubut.<\/strong><\/h2>\n\n\n\n<p>\u00abEl \u00e1rea ser\u00e1 afectada por tormentas, algunas de las cuales podr\u00edan ser localmente fuertes o severas. Estas tormentas estar\u00e1n acompa\u00f1adas de r\u00e1fagas intensas, ocasional ca\u00edda de granizo, actividad el\u00e9ctrica significativa y abundante ca\u00edda de agua en cortos per\u00edodos\u201d, inform\u00f3 el SMN.<\/p>\n\n\n\n<figure class=\"wp-block-image size-full\"><img loading=\"lazy\" decoding=\"async\" width=\"623\" height=\"569\" src=\"https:\/\/ranquelfm.com.ar\/v2\/wp-content\/uploads\/2024\/12\/Screenshot-2024-12-17T174413.414.png\" alt=\"\" class=\"wp-image-2531\" srcset=\"https:\/\/ranquelfm.com.ar\/v2\/wp-content\/uploads\/2024\/12\/Screenshot-2024-12-17T174413.414.png 623w, https:\/\/ranquelfm.com.ar\/v2\/wp-content\/uploads\/2024\/12\/Screenshot-2024-12-17T174413.414-300x274.png 300w\" sizes=\"(max-width: 623px) 100vw, 623px\" \/><\/figure>\n\n\n\n<p><strong><em>Se prev\u00e9n valores de precipitaci\u00f3n acumulada entre 30 y 60 mm, pudiendo ser superados en forma puntual.<\/em><\/strong><\/p>\n","protected":false},"excerpt":{"rendered":"<p>El Servicio Meteorol\u00f3gico Nacional\u00a0(SMN) relanz\u00f3 un\u00a0alerta\u00a0por\u00a0tormentas fuertes\u00a0con posible ca\u00edda de granizo y r\u00e1fagas en varias provincias del pa\u00eds. La advertencia del organismo rige este en zonas de La Pampa, C\u00f3rdoba, San Luis, La Rioja, Mendoza, Neuqu\u00e9n, R\u00edo Negro y Chubut. \u00abEl \u00e1rea ser\u00e1 afectada por tormentas, algunas de las cuales podr\u00edan ser localmente fuertes o &hellip;<\/p>\n","protected":false},"author":3,"featured_media":2534,"comment_status":"closed","ping_status":"open","sticky":false,"template":"","format":"standard","meta":{"footnotes":""},"categories":[30],"tags":[],"_links":{"self":[{"href":"https:\/\/ranquelfm.com.ar\/v2\/wp-json\/wp\/v2\/posts\/2530"}],"collection":[{"href":"https:\/\/ranquelfm.com.ar\/v2\/wp-json\/wp\/v2\/posts"}],"about":[{"href":"https:\/\/ranquelfm.com.ar\/v2\/wp-json\/wp\/v2\/types\/post"}],"author":[{"embeddable":true,"href":"https:\/\/ranquelfm.com.ar\/v2\/wp-json\/wp\/v2\/users\/3"}],"replies":[{"embeddable":true,"href":"https:\/\/ranquelfm.com.ar\/v2\/wp-json\/wp\/v2\/comments?post=2530"}],"version-history":[{"count":1,"href":"https:\/\/ranquelfm.com.ar\/v2\/wp-json\/wp\/v2\/posts\/2530\/revisions"}],"predecessor-version":[{"id":2533,"href":"https:\/\/ranquelfm.com.ar\/v2\/wp-json\/wp\/v2\/posts\/2530\/revisions\/2533"}],"wp:featuredmedia":[{"embeddable":true,"href":"https:\/\/ranquelfm.com.ar\/v2\/wp-json\/wp\/v2\/media\/2534"}],"wp:attachment":[{"href":"https:\/\/ranquelfm.com.ar\/v2\/wp-json\/wp\/v2\/media?parent=2530"}],"wp:term":[{"taxonomy":"category","embeddable":true,"href":"https:\/\/ranquelfm.com.ar\/v2\/wp-json\/wp\/v2\/categories?post=2530"},{"taxonomy":"post_tag","embeddable":true,"href":"https:\/\/ranquelfm.com.ar\/v2\/wp-json\/wp\/v2\/tags?post=2530"}],"curies":[{"name":"wp","href":"https:\/\/api.w.org\/{rel}","templated":true}]}}