


{"id":7536,"date":"2026-03-02T10:53:36","date_gmt":"2026-03-02T13:53:36","guid":{"rendered":"https:\/\/ranquelfm.com.ar\/v2\/?p=7536"},"modified":"2026-03-02T10:53:39","modified_gmt":"2026-03-02T13:53:39","slug":"maria-susini-mostro-como-se-hizo-un-tatuaje-ella-misma","status":"publish","type":"post","link":"https:\/\/ranquelfm.com.ar\/v2\/2026\/03\/02\/maria-susini-mostro-como-se-hizo-un-tatuaje-ella-misma\/","title":{"rendered":"Mar\u00eda Susini mostr\u00f3 c\u00f3mo se hizo un tatuaje ella misma"},"content":{"rendered":"\n<p>La modelo mostr\u00f3 el momento en el que se hizo un dise\u00f1o en su piel.<\/p>\n\n\n\n<figure class=\"wp-block-image size-full\"><img loading=\"lazy\" decoding=\"async\" width=\"270\" height=\"480\" src=\"https:\/\/ranquelfm.com.ar\/v2\/wp-content\/uploads\/2026\/03\/69a56d93d31c4_0.jpg\" alt=\"\" class=\"wp-image-7537\" srcset=\"https:\/\/ranquelfm.com.ar\/v2\/wp-content\/uploads\/2026\/03\/69a56d93d31c4_0.jpg 270w, https:\/\/ranquelfm.com.ar\/v2\/wp-content\/uploads\/2026\/03\/69a56d93d31c4_0-169x300.jpg 169w\" sizes=\"(max-width: 270px) 100vw, 270px\" \/><\/figure>\n\n\n\n<p>Este 2026 comenz\u00f3 distinto para\u00a0<strong>Mar\u00eda Susini<\/strong>.\u00a0En enero pasado, Facundo Arana confirm\u00f3 la separaci\u00f3n de la pareja, tras casi dos d\u00e9cadas de amor, luego de una serie de rumores que indicaban que la pareja atravesaba un complicado momento. Desde entonces, han mostrado sus caminos por separado, aunque el actor indic\u00f3 que no perd\u00eda la esperanza de reconstruir su v\u00ednculo; sin embargo eso a\u00fan no ocurri\u00f3.<\/p>\n\n\n\n<p>En este escenario, la modelo se muestra en redes sociales realizando diversas actividades, lejos de<strong>\u00a0Facundo Arana,\u00a0<\/strong>y recientemente sorprendi\u00f3 al mostrar una faceta desconocida: su aspiraci\u00f3n de ser tatuadora. Mar\u00eda se realiz\u00f3 un dise\u00f1o ella misma en sus inicio en el \u00e1rea.\u00a0<\/p>\n\n\n\n<p><strong>Mar\u00eda Susini<\/strong>\u00a0fue una de las modelos m\u00e1s reconocidas de los a\u00f1os 2000, fue en el auge de su carrera que encontr\u00f3 al amor al lado de Facundo Arana, quien era el gal\u00e1n de las telenovelas del momento. La pareja confirm\u00f3 su romance en los medios y poco tiempo\u00a0despu\u00e9s anunciaron la llegada de su primera hija\u00a0en c\u00f3mun, y posteriormente tuvieron dos hijos m\u00e1s.\u00a0<\/p>\n\n\n\n<p>Desde entonces, la&nbsp;<strong>pareja mantuvo un gran hermetismo&nbsp;<\/strong>respecto a su vida familiar y personal. Mar\u00eda tom\u00f3 cierta distancia del modelaje y a fue a trav\u00e9s de redes sociales donde mostraba algunos aspectos de su vida. Actualmente, tras su separaci\u00f3n contin\u00faa utilizando la virtualidad para compartir algunos de los momentos que vive, sin realizar ning\u00fan tipo de declaraci\u00f3n sobre su vida privada.&nbsp;<\/p>\n\n\n\n<p>Pero si muestra las nuevas actividades con las que apuesta al aprendizaje en su vida. En esta caso, la modelo sorprendi\u00f3 con un video en el que muestra c\u00f3mo incia sus pasos como tatuadora.<strong>\u00a0\u00abClases de tatto con el n\u00famero 1\u201d<\/strong>, escribi\u00f3 Susini junto a un clip en donde se la ve en una camilla, tomando una maquina de tatuar y procede a realizar las pasos correspondientes en la zona de su tobillo.\u00a0<\/p>\n\n\n\n<p><strong>\u201cMir\u00e1 que practico conmigo para tatuarte a vos<\/strong>\u201d, se la escucha decir a la modelo a su profesor, con quien muestra una complicidad alegre. Con la supervisi\u00f3n del profesional, Mar\u00eda realiza su primer dise\u00f1o, decidiendo practicar sobre su piel. Por supuesto, que brome\u00f3 al respecto sobre que pr\u00f3ximamente dar\u00eda turnos de tatuajes para que ella sea quien haga los dise\u00f1os a otras personas.&nbsp;<\/p>\n\n\n\n<p>De esta forma,<strong>\u00a0Mar\u00eda Susini\u00a0<\/strong>mostr\u00f3 c\u00f3mo apuesta a realizar diversas actividades, sin hablar de su vida privada ni mencionar c\u00f3mo sigue su v\u00ednculo con Facundo Arana. Lo cierto es que se puesta alegre en redes sociales.\u00a0<\/p>\n\n\n\n<p><\/p>\n\n\n\n<p><a href=\"http:\/\/ads.us.e-planning.net\/ei\/3\/15986\/dfe9c2452f5d48d4?it=i&amp;rnd=$RANDOM\" target=\"_blank\" rel=\"noreferrer noopener\"><\/a><\/p>\n","protected":false},"excerpt":{"rendered":"<p>La modelo mostr\u00f3 el momento en el que se hizo un dise\u00f1o en su piel. Este 2026 comenz\u00f3 distinto para\u00a0Mar\u00eda Susini.\u00a0En enero pasado, Facundo Arana confirm\u00f3 la separaci\u00f3n de la pareja, tras casi dos d\u00e9cadas de amor, luego de una serie de rumores que indicaban que la pareja atravesaba un complicado momento. Desde entonces, han &hellip;<\/p>\n","protected":false},"author":2,"featured_media":7538,"comment_status":"closed","ping_status":"open","sticky":false,"template":"","format":"standard","meta":{"footnotes":""},"categories":[128],"tags":[],"_links":{"self":[{"href":"https:\/\/ranquelfm.com.ar\/v2\/wp-json\/wp\/v2\/posts\/7536"}],"collection":[{"href":"https:\/\/ranquelfm.com.ar\/v2\/wp-json\/wp\/v2\/posts"}],"about":[{"href":"https:\/\/ranquelfm.com.ar\/v2\/wp-json\/wp\/v2\/types\/post"}],"author":[{"embeddable":true,"href":"https:\/\/ranquelfm.com.ar\/v2\/wp-json\/wp\/v2\/users\/2"}],"replies":[{"embeddable":true,"href":"https:\/\/ranquelfm.com.ar\/v2\/wp-json\/wp\/v2\/comments?post=7536"}],"version-history":[{"count":1,"href":"https:\/\/ranquelfm.com.ar\/v2\/wp-json\/wp\/v2\/posts\/7536\/revisions"}],"predecessor-version":[{"id":7539,"href":"https:\/\/ranquelfm.com.ar\/v2\/wp-json\/wp\/v2\/posts\/7536\/revisions\/7539"}],"wp:featuredmedia":[{"embeddable":true,"href":"https:\/\/ranquelfm.com.ar\/v2\/wp-json\/wp\/v2\/media\/7538"}],"wp:attachment":[{"href":"https:\/\/ranquelfm.com.ar\/v2\/wp-json\/wp\/v2\/media?parent=7536"}],"wp:term":[{"taxonomy":"category","embeddable":true,"href":"https:\/\/ranquelfm.com.ar\/v2\/wp-json\/wp\/v2\/categories?post=7536"},{"taxonomy":"post_tag","embeddable":true,"href":"https:\/\/ranquelfm.com.ar\/v2\/wp-json\/wp\/v2\/tags?post=7536"}],"curies":[{"name":"wp","href":"https:\/\/api.w.org\/{rel}","templated":true}]}}