


{"id":7618,"date":"2026-03-11T10:02:22","date_gmt":"2026-03-11T13:02:22","guid":{"rendered":"https:\/\/ranquelfm.com.ar\/v2\/?p=7618"},"modified":"2026-03-11T10:05:19","modified_gmt":"2026-03-11T13:05:19","slug":"kathryn-hahn-se-suma-al-elenco-oficial-del-live-action-de-enredados","status":"publish","type":"post","link":"https:\/\/ranquelfm.com.ar\/v2\/2026\/03\/11\/kathryn-hahn-se-suma-al-elenco-oficial-del-live-action-de-enredados\/","title":{"rendered":"Kathryn Hahn se suma al elenco oficial del live action de \u201cEnredados\u201d"},"content":{"rendered":"\n<p>La actriz sorprendi\u00f3 a sus seguidores con un sutil gui\u00f1o en redes sociales, confirmando que interpretar\u00e1 a la ic\u00f3nica villana de Disney, Mother Gothel.<\/p>\n\n\n\n<p>Cada vez se conocen m\u00e1s detalles sobre el esperado live action de \u201c<em><strong>Enredados<\/strong><\/em>\u201d y este martes, Disney confirm\u00f3 a la actriz que se pondr\u00e1 en la piel de la\u00a0<strong>Madre Gothel<\/strong>: la ya amiga de Disney,\u00a0<strong>Kathryn Hahn<\/strong>.<\/p>\n\n\n\n<p>&nbsp;la confirmaci\u00f3n lleg\u00f3 a trav\u00e9s de un video que publicaron tanto ella como la plataforma de streaming en sus diversas redes sociales.<\/p>\n\n\n\n<p>\u201c<em><strong>Hey\u2026 mi atuendo del d\u00eda (OOTD), acabo de descubrir qu\u00e9 significa. Aqu\u00ed est\u00e1 mi look del d\u00eda: vaqueros sencillos, gafas, camiseta&#8230; Esto es f\u00e1cil. Eh, ya sabes&#8230; un d\u00eda cualquiera<\/strong><\/em>\u201d, dijo en un clip, donde se la ve luciendo una remera con la imagen de Madre Gothel, un sutil pero contundente gui\u00f1o que confirma los rumores.<\/p>\n\n\n\n<p>\u201c\u00bfQuieres que sea la mala? \u00a1Bien! Kathryn Hahn es Madre Gothel en la pel\u00edcula de acci\u00f3n real de Disney Enredados\u201d, escribi\u00f3 la cuenta de Walt Disney Studios.<\/p>\n\n\n\n<p>Desde que se confirm\u00f3 que Disney llevar\u00eda a cabo el live action de Enredados, el nombre de Kathryn tom\u00f3 relevancia como la favorita de los fans para interpretar a Madre Gothel, por su destreza en el canto y su v\u00ednculo con los personajes oscuros, como el de la serie \u00ab<em><strong>Agatha All Along<\/strong><\/em>\u00ab.&nbsp;__IP__<\/p>\n\n\n\n<p>De esta forma, poco a poco van revelando los nombres de quienes formar\u00e1n parte del elenco oficial del live action, aunque a\u00fan faltan los actores que dar\u00e1n vida a Rapunzel y a Flynn Rider.<\/p>\n\n\n\n<p>NOTICIAS ARGENTINAS<\/p>\n","protected":false},"excerpt":{"rendered":"<p>La actriz sorprendi\u00f3 a sus seguidores con un sutil gui\u00f1o en redes sociales, confirmando que interpretar\u00e1 a la ic\u00f3nica villana de Disney, Mother Gothel. Cada vez se conocen m\u00e1s detalles sobre el esperado live action de \u201cEnredados\u201d y este martes, Disney confirm\u00f3 a la actriz que se pondr\u00e1 en la piel de la\u00a0Madre Gothel: la &hellip;<\/p>\n","protected":false},"author":2,"featured_media":7619,"comment_status":"closed","ping_status":"open","sticky":false,"template":"","format":"standard","meta":{"footnotes":""},"categories":[38],"tags":[],"_links":{"self":[{"href":"https:\/\/ranquelfm.com.ar\/v2\/wp-json\/wp\/v2\/posts\/7618"}],"collection":[{"href":"https:\/\/ranquelfm.com.ar\/v2\/wp-json\/wp\/v2\/posts"}],"about":[{"href":"https:\/\/ranquelfm.com.ar\/v2\/wp-json\/wp\/v2\/types\/post"}],"author":[{"embeddable":true,"href":"https:\/\/ranquelfm.com.ar\/v2\/wp-json\/wp\/v2\/users\/2"}],"replies":[{"embeddable":true,"href":"https:\/\/ranquelfm.com.ar\/v2\/wp-json\/wp\/v2\/comments?post=7618"}],"version-history":[{"count":1,"href":"https:\/\/ranquelfm.com.ar\/v2\/wp-json\/wp\/v2\/posts\/7618\/revisions"}],"predecessor-version":[{"id":7620,"href":"https:\/\/ranquelfm.com.ar\/v2\/wp-json\/wp\/v2\/posts\/7618\/revisions\/7620"}],"wp:featuredmedia":[{"embeddable":true,"href":"https:\/\/ranquelfm.com.ar\/v2\/wp-json\/wp\/v2\/media\/7619"}],"wp:attachment":[{"href":"https:\/\/ranquelfm.com.ar\/v2\/wp-json\/wp\/v2\/media?parent=7618"}],"wp:term":[{"taxonomy":"category","embeddable":true,"href":"https:\/\/ranquelfm.com.ar\/v2\/wp-json\/wp\/v2\/categories?post=7618"},{"taxonomy":"post_tag","embeddable":true,"href":"https:\/\/ranquelfm.com.ar\/v2\/wp-json\/wp\/v2\/tags?post=7618"}],"curies":[{"name":"wp","href":"https:\/\/api.w.org\/{rel}","templated":true}]}}