


{"id":7642,"date":"2026-03-11T19:47:18","date_gmt":"2026-03-11T22:47:18","guid":{"rendered":"https:\/\/ranquelfm.com.ar\/v2\/?p=7642"},"modified":"2026-03-11T19:47:19","modified_gmt":"2026-03-11T22:47:19","slug":"gran-hermano-se-encamina-a-expulsar-a-una-participante-por-xenofobia","status":"publish","type":"post","link":"https:\/\/ranquelfm.com.ar\/v2\/2026\/03\/11\/gran-hermano-se-encamina-a-expulsar-a-una-participante-por-xenofobia\/","title":{"rendered":"Gran Hermano se encamina a expulsar a una participante por xenofobia"},"content":{"rendered":"\n<p>La casa de&nbsp;<strong>Gran Hermano<\/strong>&nbsp;vuelve a estar en el ojo de la tormenta tras un repudiable episodio protagonizado por dos de sus participantes que, en una charla c\u00f3mplice, se refirieron a la participante&nbsp;<strong>Jenny Mavinga<\/strong>&nbsp;con frases con&nbsp;<strong>tinte xen\u00f3fobo y discriminatorio.&nbsp;<\/strong><\/p>\n\n\n\n<p>Seg\u00fan fuentes cercanas a la producci\u00f3n, le aseguraron a la&nbsp;<a rel=\"noreferrer noopener\" href=\"https:\/\/es.wikipedia.org\/wiki\/Noticias_Argentinas\" target=\"_blank\">Agencia Noticias Argentinas<\/a>, que la jugadora&nbsp;<strong>Carmi\u00f1a Masi ser\u00eda expulsada,&nbsp;<\/strong>luego de la charla con&nbsp;<strong>Danelik Galazan<\/strong>&nbsp;en la cocina viendo a sus compa\u00f1eros, quienes dialogaban en el patio al lado de la piscina, cuando hicieron las pol\u00e9micas declaraciones.&nbsp;<\/p>\n\n\n\n<p><strong>\u00abParece que a la negra reci\u00e9n la compraron y viene a hacer el show\u00bb<\/strong>, se la escuch\u00f3 decir a Carmi\u00f1a, generando las risas c\u00f3mplices de&nbsp;<strong>Danelik y Emanuel Di Gioia<\/strong>. \u201c<strong>Acaba de bajarse del barco<\/strong>\u201d, continu\u00f3 sin ning\u00fan tipo de filtro, haciendo alusi\u00f3n a las \u00e9pocas de esclavitud.<\/p>\n\n\n\n<p><strong>\u00abAh\u00ed est\u00e1 el monito del barco\u00bb<\/strong>, insisti\u00f3 la paraguaya sobre otro de los participantes, mientras se re\u00eda con sus compa\u00f1eros.&nbsp;<\/p>\n\n\n\n<p>Ninguno de los presentes en la cocina not\u00f3 la gravedad de los comentarios, ni alz\u00f3 su voz para corregirla; m\u00e1s bien Danelik a\u00f1adi\u00f3 le\u00f1a al fuego y cuestion\u00f3 la postura de Mavinga: \u201cY es que la otra no sabe qu\u00e9 hace para caer bien\u201d.<\/p>\n\n\n\n<p>\u201c<strong>Lo \u00fanico que puede hacer ahora es mover el culo<\/strong>\u201d, sum\u00f3 Carmi\u00f1a. Tampoco sinti\u00f3 verg\u00fcenza cuando otro participante se sum\u00f3 a la conversaci\u00f3n, m\u00e1s bien recalc\u00f3 sus pol\u00e9micos comentarios: \u201c<strong>All\u00e1 hay una esclava, si quer\u00e9s ver, Manu. La sacaron de la jaula reci\u00e9n<\/strong>\u201d.\u00a0<\/p>\n\n\n\n<p>Este incidente ocurre en un clima de especial sensibilidad social frente a los discursos de odio, teniendo en cuenta el pol\u00e9mico caso de Agostina P\u00e1ez, la\u00a0<strong>abogada argentina detenida en Brasil<\/strong>, quien fue acusada de\u00a0<strong>racismo e injuria racial<\/strong>\u00a0tras proferir insultos similares.<\/p>\n\n\n\n<p>Aunque en Argentina no hay una ley vigente sobre estos casos de discriminaci\u00f3n racial, el \u201cjuez\u201d en este caso ser\u00e1 el p\u00fablico y la producci\u00f3n del programa, que decidir\u00edan expulsar a la competirdora.<\/p>\n\n\n\n<p>NA<\/p>\n","protected":false},"excerpt":{"rendered":"<p>La casa de&nbsp;Gran Hermano&nbsp;vuelve a estar en el ojo de la tormenta tras un repudiable episodio protagonizado por dos de sus participantes que, en una charla c\u00f3mplice, se refirieron a la participante&nbsp;Jenny Mavinga&nbsp;con frases con&nbsp;tinte xen\u00f3fobo y discriminatorio.&nbsp; Seg\u00fan fuentes cercanas a la producci\u00f3n, le aseguraron a la&nbsp;Agencia Noticias Argentinas, que la jugadora&nbsp;Carmi\u00f1a Masi ser\u00eda &hellip;<\/p>\n","protected":false},"author":2,"featured_media":7643,"comment_status":"closed","ping_status":"open","sticky":false,"template":"","format":"standard","meta":{"footnotes":""},"categories":[117],"tags":[],"_links":{"self":[{"href":"https:\/\/ranquelfm.com.ar\/v2\/wp-json\/wp\/v2\/posts\/7642"}],"collection":[{"href":"https:\/\/ranquelfm.com.ar\/v2\/wp-json\/wp\/v2\/posts"}],"about":[{"href":"https:\/\/ranquelfm.com.ar\/v2\/wp-json\/wp\/v2\/types\/post"}],"author":[{"embeddable":true,"href":"https:\/\/ranquelfm.com.ar\/v2\/wp-json\/wp\/v2\/users\/2"}],"replies":[{"embeddable":true,"href":"https:\/\/ranquelfm.com.ar\/v2\/wp-json\/wp\/v2\/comments?post=7642"}],"version-history":[{"count":1,"href":"https:\/\/ranquelfm.com.ar\/v2\/wp-json\/wp\/v2\/posts\/7642\/revisions"}],"predecessor-version":[{"id":7644,"href":"https:\/\/ranquelfm.com.ar\/v2\/wp-json\/wp\/v2\/posts\/7642\/revisions\/7644"}],"wp:featuredmedia":[{"embeddable":true,"href":"https:\/\/ranquelfm.com.ar\/v2\/wp-json\/wp\/v2\/media\/7643"}],"wp:attachment":[{"href":"https:\/\/ranquelfm.com.ar\/v2\/wp-json\/wp\/v2\/media?parent=7642"}],"wp:term":[{"taxonomy":"category","embeddable":true,"href":"https:\/\/ranquelfm.com.ar\/v2\/wp-json\/wp\/v2\/categories?post=7642"},{"taxonomy":"post_tag","embeddable":true,"href":"https:\/\/ranquelfm.com.ar\/v2\/wp-json\/wp\/v2\/tags?post=7642"}],"curies":[{"name":"wp","href":"https:\/\/api.w.org\/{rel}","templated":true}]}}