


{"id":9182,"date":"2026-08-31T10:31:19","date_gmt":"2026-08-31T13:31:19","guid":{"rendered":"https:\/\/ranquelfm.com.ar\/v2\/?p=9182"},"modified":"2026-08-31T10:32:56","modified_gmt":"2026-08-31T13:32:56","slug":"tres-anos-de-la-muerte-de-silvina-luna","status":"publish","type":"post","link":"https:\/\/ranquelfm.com.ar\/v2\/2026\/08\/31\/tres-anos-de-la-muerte-de-silvina-luna\/","title":{"rendered":"Tres a\u00f1os de la muerte de Silvina Luna"},"content":{"rendered":"\n<p>La actriz y modelo muri\u00f3 a los 43 a\u00f1os, el 31 de agosto de 2023, despu\u00e9s de m\u00e1s de una d\u00e9cada marcada por las secuelas de una intervenci\u00f3n est\u00e9tica<\/p>\n\n\n\n<p>El calendario vuelve a marcar el<strong>\u00a031 de agosto<\/strong>\u00a0y, con esa fecha, regresa tambi\u00e9n una ausencia que todav\u00eda duele. Hace tres a\u00f1os,<a href=\"https:\/\/www.infobae.com\/tag\/silvina-luna\/\" target=\"_blank\" rel=\"noreferrer noopener\"><strong>Silvina Luna<\/strong><\/a><strong>\u00a0muri\u00f3 a los 43 a\u00f1os<\/strong>, despu\u00e9s de atravesar durante m\u00e1s de una d\u00e9cada un calvario que comenz\u00f3 con una intervenci\u00f3n est\u00e9tica y termin\u00f3 afectando\u00a0<a href=\"https:\/\/www.infobae.com\/teleshow\/2026\/08\/04\/quien-encarnara-a-silvina-luna-en-su-docuserie-una-ex-gran-hermano-recreara-momentos-de-su-vida\/\" target=\"_blank\" rel=\"noreferrer noopener\"><strong>de manera irreversible su salud<\/strong><\/a>. Desde entonces, su nombre qued\u00f3 asociado no solamente a una historia de dolor, sino tambi\u00e9n a una lucha sostenida, a una enorme voluntad de vivir y a una personalidad que, incluso en los momentos m\u00e1s dif\u00edciles, intent\u00f3 aferrarse a la esperanza.<\/p>\n\n\n\n<p>Fueron a\u00f1os de padecer las consecuencias de la intervenci\u00f3n realizada por\u00a0<strong>An\u00edbal Lotocki<\/strong>. Las complicaciones derivadas de aquel procedimiento fueron deteriorando progresivamente su organismo y terminaron provoc\u00e1ndole graves problemas renales.<strong>\u00a0La actriz y modelo debi\u00f3 someterse durante a\u00f1os a tratamientos de di\u00e1lisis y atraves\u00f3 la espera de un trasplante de ri\u00f1\u00f3n que nunca lleg\u00f3.\u00a0<\/strong>En ese tiempo, su vida cotidiana qued\u00f3 atravesada por<strong>\u00a0hospitales, tratamientos, estudios m\u00e9dicos<\/strong>, incertidumbre y una batalla permanente contra un cuerpo que cada vez le impon\u00eda nuevos l\u00edmites.<\/p>\n\n\n\n<p>Pero detr\u00e1s de aquella enfermedad hab\u00eda una mujer que segu\u00eda queriendo vivir. Y quiz\u00e1s por eso, con el paso del tiempo, algunas de sus \u00faltimas declaraciones adquirieron una dimensi\u00f3n todav\u00eda m\u00e1s profunda. Silvina sab\u00eda que estaba atravesando\u00a0<strong>uno de los momentos m\u00e1s dif\u00edciles de su existencia<\/strong>, pero tambi\u00e9n encontraba fuerzas para mirar hacia adelante, para hablar de sus deseos y para aferrarse a aquello que m\u00e1s quer\u00eda: la vida.<\/p>\n\n\n\n<p>En una de sus \u00faltimas entrevistas, realizada por\u00a0<strong>\u00c1ngel de Brito<\/strong>, dej\u00f3 una frase que hoy resulta imposible escuchar sin sentir un nudo en la garganta. Con una mezcla de determinaci\u00f3n, fragilidad y una enorme necesidad de seguir adelante, Silvina expres\u00f3:\u00a0<strong>\u201cUno saca el poder de donde pueda para seguir viviendo, a m\u00ed me encanta vivir, me gusta la vida \u00a1Quiero vivir!\u201d.<\/strong><\/p>\n\n\n\n<p>Aquellas palabras pronunciadas cuando todav\u00eda estaba dando pelea hoy parecen resumir toda su historia. No hab\u00eda resignaci\u00f3n en ellas. Hab\u00eda una mujer intentando encontrar fuerzas donde fuera posible, aun cuando el cansancio, el dolor y la incertidumbre formaban parte de sus d\u00edas. Silvina quer\u00eda vivir. Quer\u00eda seguir estando. Quer\u00eda recuperar, dentro de lo posible, una vida que durante a\u00f1os hab\u00eda quedado condicionada por las consecuencias de aquella intervenci\u00f3n.<\/p>\n\n\n\n<p>En aquella misma conversaci\u00f3n tambi\u00e9n hab\u00eda mostrado la dimensi\u00f3n \u00edntima de su sufrimiento.<strong>\u00a0\u201cYo intento estar bien, pero son muchas cosas las que me est\u00e1n pasando\u2026 y las transito como puedo\u201d<\/strong>, hab\u00eda confesado. Una frase sencilla, pero brutalmente humana, porque detr\u00e1s de esas palabras aparec\u00eda todo aquello que muchas veces no se ve\u00eda en las fotograf\u00edas, en los escenarios, en los programas de televisi\u00f3n o en las apariciones p\u00fablicas: el miedo, el cansancio, la incertidumbre y la necesidad de continuar aun cuando no siempre resultaba sencillo encontrar c\u00f3mo hacerlo.<\/p>\n\n\n\n<p>A tres a\u00f1os de su muerte, esas declaraciones adquieren otro significado. Las palabras que alguna vez fueron pronunciadas en medio de una enfermedad hoy funcionan casi como un testimonio de su manera de enfrentar la vida. Y vuelven a generar escalofr\u00edos entre quienes la conocieron, quienes trabajaron con ella, quienes compartieron una amistad y tambi\u00e9n entre las miles de personas que la acompa\u00f1aron desde sus primeros pasos en la televisi\u00f3n.<\/p>\n\n\n\n<p>Por eso su muerte produjo un impacto que fue mucho m\u00e1s all\u00e1 de la televisi\u00f3n.\u00a0<strong>Su partida gener\u00f3 dolor entre compa\u00f1eros, amigos y colegas<\/strong>, pero tambi\u00e9n entre miles de personas que hab\u00edan seguido su recorrido durante m\u00e1s de dos d\u00e9cadas y que sintieron que se iba alguien a quien hab\u00edan visto crecer, transformarse y luchar.Y cada aniversario vuelve a abrir esa herida.<\/p>\n\n\n\n<p>A tres a\u00f1os de su muerte, esas declaraciones adquieren otro significado. Las palabras que alguna vez fueron pronunciadas en medio de una enfermedad hoy funcionan casi como un testimonio de su manera de enfrentar la vida. Y vuelven a generar escalofr\u00edos entre quienes la conocieron, quienes trabajaron con ella, quienes compartieron una amistad y tambi\u00e9n entre las miles de personas que la acompa\u00f1aron desde sus primeros pasos en la televisi\u00f3n.<\/p>\n\n\n\n<p>Por eso su muerte produjo un impacto que fue mucho m\u00e1s all\u00e1 de la televisi\u00f3n.\u00a0<strong>Su partida gener\u00f3 dolor entre compa\u00f1eros, amigos y colegas<\/strong>, pero tambi\u00e9n entre miles de personas que hab\u00edan seguido su recorrido durante m\u00e1s de dos d\u00e9cadas y que sintieron que se iba alguien a quien hab\u00edan visto crecer, transformarse y luchar.Y cada aniversario vuelve a abrir esa herida.<\/p>\n\n\n\n<p>El mensaje continu\u00f3 con una declaraci\u00f3n que permite comprender cu\u00e1nto significaba Silvina para \u00e9l:\u201cAmor, alegr\u00eda y sobre todo la calidad de persona que te destacaba de un ser humano com\u00fan.. hoy deseo de que est\u00e9s en paz,<strong>&nbsp;aunque me deje gusto a poco no saber nada nuevo vos. Siempre presente, Silvina\u201d.<\/strong><\/p>\n\n\n\n<p>Tambi\u00e9n\u00a0<strong>Leo Garc\u00eda<\/strong>\u00a0decidi\u00f3 dedicarle unas palabras. Para el m\u00fasico, esta fecha tiene adem\u00e1s una particularidad: el 31 de agosto es su cumplea\u00f1os. Sin embargo, en medio de las felicitaciones que recibe cada a\u00f1o, quiso detenerse para recordar a Silvina, una persona con la que comparti\u00f3 una etapa de su vida y a quien conserv\u00f3 en un lugar especial de su memoria.<\/p>\n\n\n\n<p><strong>\u201cHoy lunes 31 de agosto es mi cumplea\u00f1os<\/strong>, entre tanta gente m\u00e1s, pero tambi\u00e9n quiero recordar el aniversario de una persona que adoro porque tuve el honor de conocerla y pasar un tiempo juntos, Silvina Luna\u201d, escribi\u00f3.<\/p>\n\n\n\n<p>Y agreg\u00f3:\u00a0<strong>\u201cUna persona inolvidable de amor puro con un desenfado total, sent\u00ed que me hablaba desde el coraz\u00f3n siempre\u201d<\/strong>.<\/p>\n\n\n\n<p>A tres a\u00f1os de su partida, Silvina permanece all\u00ed: en la memoria de quienes la conocieron y en la de quienes, sin haber compartido nunca una mesa con ella, sintieron que de alg\u00fan modo formaba parte de sus vidas. Y quiz\u00e1 esa sea una de las formas m\u00e1s profundas de permanecer.<\/p>\n\n\n\n<p>TELESHOW<\/p>\n","protected":false},"excerpt":{"rendered":"<p>La actriz y modelo muri\u00f3 a los 43 a\u00f1os, el 31 de agosto de 2023, despu\u00e9s de m\u00e1s de una d\u00e9cada marcada por las secuelas de una intervenci\u00f3n est\u00e9tica El calendario vuelve a marcar el\u00a031 de agosto\u00a0y, con esa fecha, regresa tambi\u00e9n una ausencia que todav\u00eda duele. Hace tres a\u00f1os,Silvina Luna\u00a0muri\u00f3 a los 43 a\u00f1os, &hellip;<\/p>\n","protected":false},"author":2,"featured_media":9183,"comment_status":"closed","ping_status":"closed","sticky":false,"template":"","format":"standard","meta":{"footnotes":""},"categories":[118],"tags":[],"_links":{"self":[{"href":"https:\/\/ranquelfm.com.ar\/v2\/wp-json\/wp\/v2\/posts\/9182"}],"collection":[{"href":"https:\/\/ranquelfm.com.ar\/v2\/wp-json\/wp\/v2\/posts"}],"about":[{"href":"https:\/\/ranquelfm.com.ar\/v2\/wp-json\/wp\/v2\/types\/post"}],"author":[{"embeddable":true,"href":"https:\/\/ranquelfm.com.ar\/v2\/wp-json\/wp\/v2\/users\/2"}],"replies":[{"embeddable":true,"href":"https:\/\/ranquelfm.com.ar\/v2\/wp-json\/wp\/v2\/comments?post=9182"}],"version-history":[{"count":1,"href":"https:\/\/ranquelfm.com.ar\/v2\/wp-json\/wp\/v2\/posts\/9182\/revisions"}],"predecessor-version":[{"id":9184,"href":"https:\/\/ranquelfm.com.ar\/v2\/wp-json\/wp\/v2\/posts\/9182\/revisions\/9184"}],"wp:featuredmedia":[{"embeddable":true,"href":"https:\/\/ranquelfm.com.ar\/v2\/wp-json\/wp\/v2\/media\/9183"}],"wp:attachment":[{"href":"https:\/\/ranquelfm.com.ar\/v2\/wp-json\/wp\/v2\/media?parent=9182"}],"wp:term":[{"taxonomy":"category","embeddable":true,"href":"https:\/\/ranquelfm.com.ar\/v2\/wp-json\/wp\/v2\/categories?post=9182"},{"taxonomy":"post_tag","embeddable":true,"href":"https:\/\/ranquelfm.com.ar\/v2\/wp-json\/wp\/v2\/tags?post=9182"}],"curies":[{"name":"wp","href":"https:\/\/api.w.org\/{rel}","templated":true}]}}