


{"id":9216,"date":"2026-09-01T19:59:31","date_gmt":"2026-09-01T22:59:31","guid":{"rendered":"https:\/\/ranquelfm.com.ar\/v2\/?p=9216"},"modified":"2026-09-01T19:59:32","modified_gmt":"2026-09-01T22:59:32","slug":"marta-fort-hablo-sobre-su-deseo-de-ser-madre-que-sean-rubios-de-ojos-claros","status":"publish","type":"post","link":"https:\/\/ranquelfm.com.ar\/v2\/2026\/09\/01\/marta-fort-hablo-sobre-su-deseo-de-ser-madre-que-sean-rubios-de-ojos-claros\/","title":{"rendered":"Marta Fort habl\u00f3 sobre su deseo de ser madre: \u201cQue sean rubios de ojos claros\u201d"},"content":{"rendered":"\n<p>La influencer Marta Fort habl\u00f3 abiertamente en una entrevista con el programa <em>Puro Show<\/em> sobre su deseo de ser madre en el futuro. Durante la nota, evalu\u00f3 la posibilidad de apelar a la subrogaci\u00f3n de vientre \u2014el mismo sistema que utiliz\u00f3 su padre, Ricardo Fort, para concebirla a ella y a su hermano Felipe\u2014 en caso de no encontrarse en una relaci\u00f3n de pareja al llegar a una determinada edad.<\/p>\n\n\n\n<p>La joven precis\u00f3 que tiene contemplado ese recurso como una alternativa firme si su situaci\u00f3n personal no le permite una maternidad por la v\u00eda tradicional. \u201cYo dije que si a mis treinta y cinco o treinta y seis a\u00f1os estoy soltera, no tengo planes con nadie y no hay nada encaminado para que yo pueda ser madre naturalmente, lo tengo de esa forma, porque yo madre quiero ser por A o por B\u201d, afirm\u00f3. En relaci\u00f3n con esa opci\u00f3n, coment\u00f3 de manera descontracturada sobre sus preferencias respecto a los rasgos de sus futuros hijos: \u201cSi los tengo de esa forma, que sean rubios de ojos claros y si no, que sean morochos\u201d.<\/p>\n\n\n\n<p>M\u00e1s all\u00e1 del aspecto gen\u00e9tico, la hija del recordado empresario reflexion\u00f3 sobre las cr\u00edticas y posturas en contra de la subrogaci\u00f3n de vientre. Al respecto, sostuvo: \u201c\u00bfSab\u00e9s lo que pasa? Si est\u00e1 en contra de ese m\u00e9todo, es porque la persona que la tuvo no la acompa\u00f1\u00f3 como tal\u201d, en referencia a los cuestionamientos formulados por una activista nacida mediante este procedimiento.<\/p>\n\n\n\n<p>En esa misma l\u00ednea, Marta remarc\u00f3 que para ella la clave radica en los afectos y no en la modalidad de concepci\u00f3n. \u201cPorque yo tuve pap\u00e1, no tuve mam\u00e1, pero al mismo tiempo tuve una mam\u00e1 adoptiva, quiz\u00e1s si se le quiere decir as\u00ed, que es Marisa, que fue mi ni\u00f1era. Lo tuve a Gustavo, lo tengo a C\u00e9sar, mi abogado. Estoy llena de familiares adoptivos, como mis t\u00edos. Si uno est\u00e1 bien acompa\u00f1ado, el m\u00e9todo es lo de menos\u201d, enfatiz\u00f3.<\/p>\n\n\n\n<p>Finalmente, la medi\u00e1tica record\u00f3 los prejuicios sociales que debi\u00f3 enfrentar durante su infancia por la forma en que lleg\u00f3 al mundo. \u201cFue dif\u00edcil nuestro caso porque fuimos los primeros. Entonces, cuando a nosotros nos hac\u00edan entrevistas o nos comunic\u00e1bamos con nuestros compa\u00f1eros, con los profesores mismos, todos nos miraban con pena\u201d, relat\u00f3. No obstante, aclar\u00f3 que nunca sufri\u00f3 esa situaci\u00f3n gracias al respaldo de su entorno: \u201cNunca nos pes\u00f3 porque siempre fuimos seguros de c\u00f3mo, de con qui\u00e9nes&#8230; No ten\u00edamos un solo pap\u00e1, ten\u00edamos un pap\u00e1, ten\u00edamos un padrino, ten\u00edamos una ni\u00f1era. Estoy llena de gente adoptiva que nunca me hace sentir sola, nunca me hizo sentir sola\u201d.<\/p>\n","protected":false},"excerpt":{"rendered":"<p>La influencer Marta Fort habl\u00f3 abiertamente en una entrevista con el programa Puro Show sobre su deseo de ser madre en el futuro. Durante la nota, evalu\u00f3 la posibilidad de apelar a la subrogaci\u00f3n de vientre \u2014el mismo sistema que utiliz\u00f3 su padre, Ricardo Fort, para concebirla a ella y a su hermano Felipe\u2014 en &hellip;<\/p>\n","protected":false},"author":2,"featured_media":9217,"comment_status":"closed","ping_status":"closed","sticky":false,"template":"","format":"standard","meta":{"footnotes":""},"categories":[117],"tags":[],"_links":{"self":[{"href":"https:\/\/ranquelfm.com.ar\/v2\/wp-json\/wp\/v2\/posts\/9216"}],"collection":[{"href":"https:\/\/ranquelfm.com.ar\/v2\/wp-json\/wp\/v2\/posts"}],"about":[{"href":"https:\/\/ranquelfm.com.ar\/v2\/wp-json\/wp\/v2\/types\/post"}],"author":[{"embeddable":true,"href":"https:\/\/ranquelfm.com.ar\/v2\/wp-json\/wp\/v2\/users\/2"}],"replies":[{"embeddable":true,"href":"https:\/\/ranquelfm.com.ar\/v2\/wp-json\/wp\/v2\/comments?post=9216"}],"version-history":[{"count":1,"href":"https:\/\/ranquelfm.com.ar\/v2\/wp-json\/wp\/v2\/posts\/9216\/revisions"}],"predecessor-version":[{"id":9218,"href":"https:\/\/ranquelfm.com.ar\/v2\/wp-json\/wp\/v2\/posts\/9216\/revisions\/9218"}],"wp:featuredmedia":[{"embeddable":true,"href":"https:\/\/ranquelfm.com.ar\/v2\/wp-json\/wp\/v2\/media\/9217"}],"wp:attachment":[{"href":"https:\/\/ranquelfm.com.ar\/v2\/wp-json\/wp\/v2\/media?parent=9216"}],"wp:term":[{"taxonomy":"category","embeddable":true,"href":"https:\/\/ranquelfm.com.ar\/v2\/wp-json\/wp\/v2\/categories?post=9216"},{"taxonomy":"post_tag","embeddable":true,"href":"https:\/\/ranquelfm.com.ar\/v2\/wp-json\/wp\/v2\/tags?post=9216"}],"curies":[{"name":"wp","href":"https:\/\/api.w.org\/{rel}","templated":true}]}}